{"id":28758,"date":"2021-03-22T11:24:57","date_gmt":"2021-03-22T11:24:57","guid":{"rendered":"https:\/\/neuro-increase.es\/?p=28758"},"modified":"2021-04-09T08:23:44","modified_gmt":"2021-04-09T08:23:44","slug":"el-dia-de-valladolid-publica-un-reportaje-detallando-nuestro-proyecto-soy","status":"publish","type":"post","link":"https:\/\/neuro-increase.es\/index.php\/2021\/03\/22\/el-dia-de-valladolid-publica-un-reportaje-detallando-nuestro-proyecto-soy\/","title":{"rendered":"\u00abEl d\u00eda de Valladolid\u00bb publica un reportaje detallando nuestro proyecto SOY+."},"content":{"rendered":"\n<h3 class=\"wp-block-heading\">Sacyl probar\u00e1 una &#8216;app&#8217; para cuidar a los covid desde casa<\/h3>\n\n\n\n<p>El Grupo de Investigaci\u00f3n de Neurociencias Cl\u00ednicas Aplicadas de la UVa lidera un proyecto basado en inteligencia artificial para monitorizar a los contagiados leves que pasan el coronavirus en su domicilio, mediante una pulsera vinculada a una &#8216;app&#8217;.<\/p>\n\n\n\n<div class=\"wp-block-buttons is-layout-flex wp-block-buttons-is-layout-flex\">\n<div class=\"wp-block-button\"><a class=\"wp-block-button__link\" href=\"https:\/\/www.eldiadevalladolid.com\/Noticia\/Z810E2B5C-CFBC-1977-D6548C0AF3B4D6ED\/202103\/Sacyl-probara-una-app-para-cuidar-a-los-covid-desde-casa?fbclid=IwAR0FsdveHBKrYEenrM-8ZtQ91K_5pFnzBbFe3BrdBRL_t0msMQfA6n-MS0s\" target=\"_blank\" rel=\"noreferrer noopener\">M\u00e1s&#8230;<\/a><\/div>\n<\/div>\n\n\n\n<p><\/p>\n","protected":false},"excerpt":{"rendered":"<p>Sacyl probar\u00e1 una &#8216;app&#8217; para cuidar a los covid desde casa El Grupo de Investigaci\u00f3n de Neurociencias Cl\u00ednicas Aplicadas de la UVa lidera un proyecto basado en inteligencia artificial para monitorizar a los contagiados leves que pasan el coronavirus en su domicilio, mediante una pulsera vinculada a una &#8216;app&#8217;.<\/p>\n","protected":false},"author":1,"featured_media":28759,"comment_status":"open","ping_status":"open","sticky":false,"template":"","format":"standard","meta":{"_et_pb_use_builder":"off","_et_pb_old_content":"","_et_gb_content_width":"","footnotes":""},"categories":[7],"tags":[],"class_list":["post-28758","post","type-post","status-publish","format-standard","has-post-thumbnail","hentry","category-news"],"yoast_head":"<!-- This site is optimized with the Yoast SEO plugin v27.3 - https:\/\/yoast.com\/product\/yoast-seo-wordpress\/ -->\n<title>&quot;El d\u00eda de Valladolid&quot; publica un reportaje detallando nuestro proyecto SOY+. - INCreAse<\/title>\n<meta name=\"robots\" content=\"index, follow, max-snippet:-1, max-image-preview:large, max-video-preview:-1\" \/>\n<link rel=\"canonical\" href=\"https:\/\/neuro-increase.es\/index.php\/2021\/03\/22\/el-dia-de-valladolid-publica-un-reportaje-detallando-nuestro-proyecto-soy\/\" \/>\n<meta property=\"og:locale\" content=\"es_ES\" \/>\n<meta property=\"og:type\" content=\"article\" \/>\n<meta property=\"og:title\" content=\"&quot;El d\u00eda de Valladolid&quot; publica un reportaje detallando nuestro proyecto SOY+. - INCreAse\" \/>\n<meta property=\"og:description\" content=\"Sacyl probar\u00e1 una &#8216;app&#8217; para cuidar a los covid desde casa El Grupo de Investigaci\u00f3n de Neurociencias Cl\u00ednicas Aplicadas de la UVa lidera un proyecto basado en inteligencia artificial para monitorizar a los contagiados leves que pasan el coronavirus en su domicilio, mediante una pulsera vinculada a una &#8216;app&#8217;.\" \/>\n<meta property=\"og:url\" content=\"https:\/\/neuro-increase.es\/index.php\/2021\/03\/22\/el-dia-de-valladolid-publica-un-reportaje-detallando-nuestro-proyecto-soy\/\" \/>\n<meta property=\"og:site_name\" content=\"INCreAse\" \/>\n<meta property=\"article:publisher\" content=\"https:\/\/www.facebook.com\/Increasetech\" \/>\n<meta property=\"article:published_time\" content=\"2021-03-22T11:24:57+00:00\" \/>\n<meta property=\"article:modified_time\" content=\"2021-04-09T08:23:44+00:00\" \/>\n<meta property=\"og:image\" content=\"https:\/\/neuro-increase.es\/wp-content\/uploads\/2021\/04\/reloj-mano.jpg\" \/>\n\t<meta property=\"og:image:width\" content=\"986\" \/>\n\t<meta property=\"og:image:height\" content=\"657\" \/>\n\t<meta property=\"og:image:type\" content=\"image\/jpeg\" \/>\n<meta name=\"author\" content=\"WSoGwJSQd7\" \/>\n<meta name=\"twitter:card\" content=\"summary_large_image\" \/>\n<meta name=\"twitter:creator\" content=\"@TechIncrease\" \/>\n<meta name=\"twitter:site\" content=\"@TechIncrease\" \/>\n<meta name=\"twitter:label1\" content=\"Escrito por\" \/>\n\t<meta name=\"twitter:data1\" content=\"WSoGwJSQd7\" \/>\n\t<meta name=\"twitter:label2\" content=\"Tiempo de lectura\" \/>\n\t<meta name=\"twitter:data2\" content=\"1 minuto\" \/>\n<script type=\"application\/ld+json\" class=\"yoast-schema-graph\">{\"@context\":\"https:\\\/\\\/schema.org\",\"@graph\":[{\"@type\":\"Article\",\"@id\":\"https:\\\/\\\/neuro-increase.es\\\/index.php\\\/2021\\\/03\\\/22\\\/el-dia-de-valladolid-publica-un-reportaje-detallando-nuestro-proyecto-soy\\\/#article\",\"isPartOf\":{\"@id\":\"https:\\\/\\\/neuro-increase.es\\\/index.php\\\/2021\\\/03\\\/22\\\/el-dia-de-valladolid-publica-un-reportaje-detallando-nuestro-proyecto-soy\\\/\"},\"author\":{\"name\":\"WSoGwJSQd7\",\"@id\":\"https:\\\/\\\/neuro-increase.es\\\/#\\\/schema\\\/person\\\/be4e03dbc5e4ace65ba92f7ff78bbe70\"},\"headline\":\"\u00abEl d\u00eda de Valladolid\u00bb publica un reportaje detallando nuestro proyecto SOY+.\",\"datePublished\":\"2021-03-22T11:24:57+00:00\",\"dateModified\":\"2021-04-09T08:23:44+00:00\",\"mainEntityOfPage\":{\"@id\":\"https:\\\/\\\/neuro-increase.es\\\/index.php\\\/2021\\\/03\\\/22\\\/el-dia-de-valladolid-publica-un-reportaje-detallando-nuestro-proyecto-soy\\\/\"},\"wordCount\":65,\"commentCount\":0,\"publisher\":{\"@id\":\"https:\\\/\\\/neuro-increase.es\\\/#organization\"},\"image\":{\"@id\":\"https:\\\/\\\/neuro-increase.es\\\/index.php\\\/2021\\\/03\\\/22\\\/el-dia-de-valladolid-publica-un-reportaje-detallando-nuestro-proyecto-soy\\\/#primaryimage\"},\"thumbnailUrl\":\"https:\\\/\\\/neuro-increase.es\\\/wp-content\\\/uploads\\\/2021\\\/04\\\/reloj-mano.jpg\",\"articleSection\":[\"News\"],\"inLanguage\":\"es\",\"potentialAction\":[{\"@type\":\"CommentAction\",\"name\":\"Comment\",\"target\":[\"https:\\\/\\\/neuro-increase.es\\\/index.php\\\/2021\\\/03\\\/22\\\/el-dia-de-valladolid-publica-un-reportaje-detallando-nuestro-proyecto-soy\\\/#respond\"]}]},{\"@type\":\"WebPage\",\"@id\":\"https:\\\/\\\/neuro-increase.es\\\/index.php\\\/2021\\\/03\\\/22\\\/el-dia-de-valladolid-publica-un-reportaje-detallando-nuestro-proyecto-soy\\\/\",\"url\":\"https:\\\/\\\/neuro-increase.es\\\/index.php\\\/2021\\\/03\\\/22\\\/el-dia-de-valladolid-publica-un-reportaje-detallando-nuestro-proyecto-soy\\\/\",\"name\":\"\\\"El d\u00eda de Valladolid\\\" publica un reportaje detallando nuestro proyecto SOY+. - INCreAse\",\"isPartOf\":{\"@id\":\"https:\\\/\\\/neuro-increase.es\\\/#website\"},\"primaryImageOfPage\":{\"@id\":\"https:\\\/\\\/neuro-increase.es\\\/index.php\\\/2021\\\/03\\\/22\\\/el-dia-de-valladolid-publica-un-reportaje-detallando-nuestro-proyecto-soy\\\/#primaryimage\"},\"image\":{\"@id\":\"https:\\\/\\\/neuro-increase.es\\\/index.php\\\/2021\\\/03\\\/22\\\/el-dia-de-valladolid-publica-un-reportaje-detallando-nuestro-proyecto-soy\\\/#primaryimage\"},\"thumbnailUrl\":\"https:\\\/\\\/neuro-increase.es\\\/wp-content\\\/uploads\\\/2021\\\/04\\\/reloj-mano.jpg\",\"datePublished\":\"2021-03-22T11:24:57+00:00\",\"dateModified\":\"2021-04-09T08:23:44+00:00\",\"breadcrumb\":{\"@id\":\"https:\\\/\\\/neuro-increase.es\\\/index.php\\\/2021\\\/03\\\/22\\\/el-dia-de-valladolid-publica-un-reportaje-detallando-nuestro-proyecto-soy\\\/#breadcrumb\"},\"inLanguage\":\"es\",\"potentialAction\":[{\"@type\":\"ReadAction\",\"target\":[\"https:\\\/\\\/neuro-increase.es\\\/index.php\\\/2021\\\/03\\\/22\\\/el-dia-de-valladolid-publica-un-reportaje-detallando-nuestro-proyecto-soy\\\/\"]}]},{\"@type\":\"ImageObject\",\"inLanguage\":\"es\",\"@id\":\"https:\\\/\\\/neuro-increase.es\\\/index.php\\\/2021\\\/03\\\/22\\\/el-dia-de-valladolid-publica-un-reportaje-detallando-nuestro-proyecto-soy\\\/#primaryimage\",\"url\":\"https:\\\/\\\/neuro-increase.es\\\/wp-content\\\/uploads\\\/2021\\\/04\\\/reloj-mano.jpg\",\"contentUrl\":\"https:\\\/\\\/neuro-increase.es\\\/wp-content\\\/uploads\\\/2021\\\/04\\\/reloj-mano.jpg\",\"width\":986,\"height\":657},{\"@type\":\"BreadcrumbList\",\"@id\":\"https:\\\/\\\/neuro-increase.es\\\/index.php\\\/2021\\\/03\\\/22\\\/el-dia-de-valladolid-publica-un-reportaje-detallando-nuestro-proyecto-soy\\\/#breadcrumb\",\"itemListElement\":[{\"@type\":\"ListItem\",\"position\":1,\"name\":\"Portada\",\"item\":\"https:\\\/\\\/neuro-increase.es\\\/\"},{\"@type\":\"ListItem\",\"position\":2,\"name\":\"\u00abEl d\u00eda de Valladolid\u00bb publica un reportaje detallando nuestro proyecto SOY+.\"}]},{\"@type\":\"WebSite\",\"@id\":\"https:\\\/\\\/neuro-increase.es\\\/#website\",\"url\":\"https:\\\/\\\/neuro-increase.es\\\/\",\"name\":\"INCreAse\",\"description\":\"Grupo de Investigaci\u00f3n de Neurociencias Aplicadas de Valladolid\",\"publisher\":{\"@id\":\"https:\\\/\\\/neuro-increase.es\\\/#organization\"},\"potentialAction\":[{\"@type\":\"SearchAction\",\"target\":{\"@type\":\"EntryPoint\",\"urlTemplate\":\"https:\\\/\\\/neuro-increase.es\\\/?s={search_term_string}\"},\"query-input\":{\"@type\":\"PropertyValueSpecification\",\"valueRequired\":true,\"valueName\":\"search_term_string\"}}],\"inLanguage\":\"es\"},{\"@type\":\"Organization\",\"@id\":\"https:\\\/\\\/neuro-increase.es\\\/#organization\",\"name\":\"INCreAse tech\",\"url\":\"https:\\\/\\\/neuro-increase.es\\\/\",\"logo\":{\"@type\":\"ImageObject\",\"inLanguage\":\"es\",\"@id\":\"https:\\\/\\\/neuro-increase.es\\\/#\\\/schema\\\/logo\\\/image\\\/\",\"url\":\"https:\\\/\\\/neuro-increase.es\\\/wp-content\\\/uploads\\\/2020\\\/11\\\/logo-Increase-tech-all-02.png\",\"contentUrl\":\"https:\\\/\\\/neuro-increase.es\\\/wp-content\\\/uploads\\\/2020\\\/11\\\/logo-Increase-tech-all-02.png\",\"width\":2401,\"height\":885,\"caption\":\"INCreAse tech\"},\"image\":{\"@id\":\"https:\\\/\\\/neuro-increase.es\\\/#\\\/schema\\\/logo\\\/image\\\/\"},\"sameAs\":[\"https:\\\/\\\/www.facebook.com\\\/Increasetech\",\"https:\\\/\\\/x.com\\\/TechIncrease\"]},{\"@type\":\"Person\",\"@id\":\"https:\\\/\\\/neuro-increase.es\\\/#\\\/schema\\\/person\\\/be4e03dbc5e4ace65ba92f7ff78bbe70\",\"name\":\"WSoGwJSQd7\",\"image\":{\"@type\":\"ImageObject\",\"inLanguage\":\"es\",\"@id\":\"https:\\\/\\\/secure.gravatar.com\\\/avatar\\\/c10d90eebb5f50c7f56c501e188528aa56b2b6c734816432bab30a705b8fbde5?s=96&d=mm&r=g\",\"url\":\"https:\\\/\\\/secure.gravatar.com\\\/avatar\\\/c10d90eebb5f50c7f56c501e188528aa56b2b6c734816432bab30a705b8fbde5?s=96&d=mm&r=g\",\"contentUrl\":\"https:\\\/\\\/secure.gravatar.com\\\/avatar\\\/c10d90eebb5f50c7f56c501e188528aa56b2b6c734816432bab30a705b8fbde5?s=96&d=mm&r=g\",\"caption\":\"WSoGwJSQd7\"},\"url\":\"https:\\\/\\\/neuro-increase.es\\\/index.php\\\/author\\\/wsogwjsqd7\\\/\"}]}<\/script>\n<!-- \/ Yoast SEO plugin. -->","yoast_head_json":{"title":"\"El d\u00eda de Valladolid\" publica un reportaje detallando nuestro proyecto SOY+. - INCreAse","robots":{"index":"index","follow":"follow","max-snippet":"max-snippet:-1","max-image-preview":"max-image-preview:large","max-video-preview":"max-video-preview:-1"},"canonical":"https:\/\/neuro-increase.es\/index.php\/2021\/03\/22\/el-dia-de-valladolid-publica-un-reportaje-detallando-nuestro-proyecto-soy\/","og_locale":"es_ES","og_type":"article","og_title":"\"El d\u00eda de Valladolid\" publica un reportaje detallando nuestro proyecto SOY+. - INCreAse","og_description":"Sacyl probar\u00e1 una &#8216;app&#8217; para cuidar a los covid desde casa El Grupo de Investigaci\u00f3n de Neurociencias Cl\u00ednicas Aplicadas de la UVa lidera un proyecto basado en inteligencia artificial para monitorizar a los contagiados leves que pasan el coronavirus en su domicilio, mediante una pulsera vinculada a una &#8216;app&#8217;.","og_url":"https:\/\/neuro-increase.es\/index.php\/2021\/03\/22\/el-dia-de-valladolid-publica-un-reportaje-detallando-nuestro-proyecto-soy\/","og_site_name":"INCreAse","article_publisher":"https:\/\/www.facebook.com\/Increasetech","article_published_time":"2021-03-22T11:24:57+00:00","article_modified_time":"2021-04-09T08:23:44+00:00","og_image":[{"width":986,"height":657,"url":"https:\/\/neuro-increase.es\/wp-content\/uploads\/2021\/04\/reloj-mano.jpg","type":"image\/jpeg"}],"author":"WSoGwJSQd7","twitter_card":"summary_large_image","twitter_creator":"@TechIncrease","twitter_site":"@TechIncrease","twitter_misc":{"Escrito por":"WSoGwJSQd7","Tiempo de lectura":"1 minuto"},"schema":{"@context":"https:\/\/schema.org","@graph":[{"@type":"Article","@id":"https:\/\/neuro-increase.es\/index.php\/2021\/03\/22\/el-dia-de-valladolid-publica-un-reportaje-detallando-nuestro-proyecto-soy\/#article","isPartOf":{"@id":"https:\/\/neuro-increase.es\/index.php\/2021\/03\/22\/el-dia-de-valladolid-publica-un-reportaje-detallando-nuestro-proyecto-soy\/"},"author":{"name":"WSoGwJSQd7","@id":"https:\/\/neuro-increase.es\/#\/schema\/person\/be4e03dbc5e4ace65ba92f7ff78bbe70"},"headline":"\u00abEl d\u00eda de Valladolid\u00bb publica un reportaje detallando nuestro proyecto SOY+.","datePublished":"2021-03-22T11:24:57+00:00","dateModified":"2021-04-09T08:23:44+00:00","mainEntityOfPage":{"@id":"https:\/\/neuro-increase.es\/index.php\/2021\/03\/22\/el-dia-de-valladolid-publica-un-reportaje-detallando-nuestro-proyecto-soy\/"},"wordCount":65,"commentCount":0,"publisher":{"@id":"https:\/\/neuro-increase.es\/#organization"},"image":{"@id":"https:\/\/neuro-increase.es\/index.php\/2021\/03\/22\/el-dia-de-valladolid-publica-un-reportaje-detallando-nuestro-proyecto-soy\/#primaryimage"},"thumbnailUrl":"https:\/\/neuro-increase.es\/wp-content\/uploads\/2021\/04\/reloj-mano.jpg","articleSection":["News"],"inLanguage":"es","potentialAction":[{"@type":"CommentAction","name":"Comment","target":["https:\/\/neuro-increase.es\/index.php\/2021\/03\/22\/el-dia-de-valladolid-publica-un-reportaje-detallando-nuestro-proyecto-soy\/#respond"]}]},{"@type":"WebPage","@id":"https:\/\/neuro-increase.es\/index.php\/2021\/03\/22\/el-dia-de-valladolid-publica-un-reportaje-detallando-nuestro-proyecto-soy\/","url":"https:\/\/neuro-increase.es\/index.php\/2021\/03\/22\/el-dia-de-valladolid-publica-un-reportaje-detallando-nuestro-proyecto-soy\/","name":"\"El d\u00eda de Valladolid\" publica un reportaje detallando nuestro proyecto SOY+. - INCreAse","isPartOf":{"@id":"https:\/\/neuro-increase.es\/#website"},"primaryImageOfPage":{"@id":"https:\/\/neuro-increase.es\/index.php\/2021\/03\/22\/el-dia-de-valladolid-publica-un-reportaje-detallando-nuestro-proyecto-soy\/#primaryimage"},"image":{"@id":"https:\/\/neuro-increase.es\/index.php\/2021\/03\/22\/el-dia-de-valladolid-publica-un-reportaje-detallando-nuestro-proyecto-soy\/#primaryimage"},"thumbnailUrl":"https:\/\/neuro-increase.es\/wp-content\/uploads\/2021\/04\/reloj-mano.jpg","datePublished":"2021-03-22T11:24:57+00:00","dateModified":"2021-04-09T08:23:44+00:00","breadcrumb":{"@id":"https:\/\/neuro-increase.es\/index.php\/2021\/03\/22\/el-dia-de-valladolid-publica-un-reportaje-detallando-nuestro-proyecto-soy\/#breadcrumb"},"inLanguage":"es","potentialAction":[{"@type":"ReadAction","target":["https:\/\/neuro-increase.es\/index.php\/2021\/03\/22\/el-dia-de-valladolid-publica-un-reportaje-detallando-nuestro-proyecto-soy\/"]}]},{"@type":"ImageObject","inLanguage":"es","@id":"https:\/\/neuro-increase.es\/index.php\/2021\/03\/22\/el-dia-de-valladolid-publica-un-reportaje-detallando-nuestro-proyecto-soy\/#primaryimage","url":"https:\/\/neuro-increase.es\/wp-content\/uploads\/2021\/04\/reloj-mano.jpg","contentUrl":"https:\/\/neuro-increase.es\/wp-content\/uploads\/2021\/04\/reloj-mano.jpg","width":986,"height":657},{"@type":"BreadcrumbList","@id":"https:\/\/neuro-increase.es\/index.php\/2021\/03\/22\/el-dia-de-valladolid-publica-un-reportaje-detallando-nuestro-proyecto-soy\/#breadcrumb","itemListElement":[{"@type":"ListItem","position":1,"name":"Portada","item":"https:\/\/neuro-increase.es\/"},{"@type":"ListItem","position":2,"name":"\u00abEl d\u00eda de Valladolid\u00bb publica un reportaje detallando nuestro proyecto SOY+."}]},{"@type":"WebSite","@id":"https:\/\/neuro-increase.es\/#website","url":"https:\/\/neuro-increase.es\/","name":"INCreAse","description":"Grupo de Investigaci\u00f3n de Neurociencias Aplicadas de Valladolid","publisher":{"@id":"https:\/\/neuro-increase.es\/#organization"},"potentialAction":[{"@type":"SearchAction","target":{"@type":"EntryPoint","urlTemplate":"https:\/\/neuro-increase.es\/?s={search_term_string}"},"query-input":{"@type":"PropertyValueSpecification","valueRequired":true,"valueName":"search_term_string"}}],"inLanguage":"es"},{"@type":"Organization","@id":"https:\/\/neuro-increase.es\/#organization","name":"INCreAse tech","url":"https:\/\/neuro-increase.es\/","logo":{"@type":"ImageObject","inLanguage":"es","@id":"https:\/\/neuro-increase.es\/#\/schema\/logo\/image\/","url":"https:\/\/neuro-increase.es\/wp-content\/uploads\/2020\/11\/logo-Increase-tech-all-02.png","contentUrl":"https:\/\/neuro-increase.es\/wp-content\/uploads\/2020\/11\/logo-Increase-tech-all-02.png","width":2401,"height":885,"caption":"INCreAse tech"},"image":{"@id":"https:\/\/neuro-increase.es\/#\/schema\/logo\/image\/"},"sameAs":["https:\/\/www.facebook.com\/Increasetech","https:\/\/x.com\/TechIncrease"]},{"@type":"Person","@id":"https:\/\/neuro-increase.es\/#\/schema\/person\/be4e03dbc5e4ace65ba92f7ff78bbe70","name":"WSoGwJSQd7","image":{"@type":"ImageObject","inLanguage":"es","@id":"https:\/\/secure.gravatar.com\/avatar\/c10d90eebb5f50c7f56c501e188528aa56b2b6c734816432bab30a705b8fbde5?s=96&d=mm&r=g","url":"https:\/\/secure.gravatar.com\/avatar\/c10d90eebb5f50c7f56c501e188528aa56b2b6c734816432bab30a705b8fbde5?s=96&d=mm&r=g","contentUrl":"https:\/\/secure.gravatar.com\/avatar\/c10d90eebb5f50c7f56c501e188528aa56b2b6c734816432bab30a705b8fbde5?s=96&d=mm&r=g","caption":"WSoGwJSQd7"},"url":"https:\/\/neuro-increase.es\/index.php\/author\/wsogwjsqd7\/"}]}},"_links":{"self":[{"href":"https:\/\/neuro-increase.es\/index.php\/wp-json\/wp\/v2\/posts\/28758","targetHints":{"allow":["GET"]}}],"collection":[{"href":"https:\/\/neuro-increase.es\/index.php\/wp-json\/wp\/v2\/posts"}],"about":[{"href":"https:\/\/neuro-increase.es\/index.php\/wp-json\/wp\/v2\/types\/post"}],"author":[{"embeddable":true,"href":"https:\/\/neuro-increase.es\/index.php\/wp-json\/wp\/v2\/users\/1"}],"replies":[{"embeddable":true,"href":"https:\/\/neuro-increase.es\/index.php\/wp-json\/wp\/v2\/comments?post=28758"}],"version-history":[{"count":6,"href":"https:\/\/neuro-increase.es\/index.php\/wp-json\/wp\/v2\/posts\/28758\/revisions"}],"predecessor-version":[{"id":28788,"href":"https:\/\/neuro-increase.es\/index.php\/wp-json\/wp\/v2\/posts\/28758\/revisions\/28788"}],"wp:featuredmedia":[{"embeddable":true,"href":"https:\/\/neuro-increase.es\/index.php\/wp-json\/wp\/v2\/media\/28759"}],"wp:attachment":[{"href":"https:\/\/neuro-increase.es\/index.php\/wp-json\/wp\/v2\/media?parent=28758"}],"wp:term":[{"taxonomy":"category","embeddable":true,"href":"https:\/\/neuro-increase.es\/index.php\/wp-json\/wp\/v2\/categories?post=28758"},{"taxonomy":"post_tag","embeddable":true,"href":"https:\/\/neuro-increase.es\/index.php\/wp-json\/wp\/v2\/tags?post=28758"}],"curies":[{"name":"wp","href":"https:\/\/api.w.org\/{rel}","templated":true}]}}