{"id":28675,"date":"2020-11-01T09:20:53","date_gmt":"2020-11-01T09:20:53","guid":{"rendered":"https:\/\/neuro-increase.es\/?p=28675"},"modified":"2020-11-10T11:30:43","modified_gmt":"2020-11-10T11:30:43","slug":"es-parte-del-proyecto-biotech-soy-coordinado-por-la-universidad-de-valladolid-a-traveenes-p","status":"publish","type":"post","link":"https:\/\/neuro-increase.es\/index.php\/2020\/11\/01\/es-parte-del-proyecto-biotech-soy-coordinado-por-la-universidad-de-valladolid-a-traveenes-p\/","title":{"rendered":"#T\u00da, TAMBI\u00c9N YO"},"content":{"rendered":"\n<p>Es parte del\u00a0<strong>proyecto BioTech SOY+<\/strong>, coordinado por la Universidad de Valladolid.\u00a0A trav\u00e9s de sus historias aspira a generar autoconsciencia y autoafirmaci\u00f3n en quienes padecen la enfermedad o sus consecuencias.Descubre el proyecto y todas las historias.<\/p>\n\n\n\n<p><\/p>\n\n\n\n<div class=\"wp-block-buttons is-layout-flex wp-block-buttons-is-layout-flex\">\n<div class=\"wp-block-button\"><a class=\"wp-block-button__link\" href=\"http:\/\/tutambienyo.es\/\" target=\"_blank\" rel=\"noreferrer noopener\">M\u00e1s info&#8230;<\/a><\/div>\n<\/div>\n","protected":false},"excerpt":{"rendered":"<p>Es parte del\u00a0proyecto BioTech SOY+, coordinado por la Universidad de Valladolid.\u00a0A trav\u00e9s de sus historias aspira a generar autoconsciencia y autoafirmaci\u00f3n en quienes padecen la enfermedad o sus consecuencias.Descubre el proyecto y todas las historias.<\/p>\n","protected":false},"author":1,"featured_media":28435,"comment_status":"open","ping_status":"open","sticky":false,"template":"","format":"standard","meta":{"_et_pb_use_builder":"off","_et_pb_old_content":"","_et_gb_content_width":"","footnotes":""},"categories":[7],"tags":[],"class_list":["post-28675","post","type-post","status-publish","format-standard","has-post-thumbnail","hentry","category-news"],"yoast_head":"<!-- This site is optimized with the Yoast SEO plugin v27.3 - https:\/\/yoast.com\/product\/yoast-seo-wordpress\/ -->\n<title>#T\u00da, TAMBI\u00c9N YO - INCreAse<\/title>\n<meta name=\"description\" content=\"Es parte del proyecto BioTech SOY+, coordinado por la Universidad de Valladolid. A trav\u00e9s de sus historias aspira a generar autoconsciencia y autoafirmaci\u00f3n en quienes padecen la enfermedad o sus consecuencias.Descubre el proyecto y todas las historias.\" \/>\n<meta name=\"robots\" content=\"index, follow, max-snippet:-1, max-image-preview:large, max-video-preview:-1\" \/>\n<link rel=\"canonical\" href=\"https:\/\/neuro-increase.es\/index.php\/2020\/11\/01\/es-parte-del-proyecto-biotech-soy-coordinado-por-la-universidad-de-valladolid-a-traveenes-p\/\" \/>\n<meta property=\"og:locale\" content=\"es_ES\" \/>\n<meta property=\"og:type\" content=\"article\" \/>\n<meta property=\"og:title\" content=\"#T\u00da, TAMBI\u00c9N YO - INCreAse\" \/>\n<meta property=\"og:description\" content=\"Es parte del proyecto BioTech SOY+, coordinado por la Universidad de Valladolid. A trav\u00e9s de sus historias aspira a generar autoconsciencia y autoafirmaci\u00f3n en quienes padecen la enfermedad o sus consecuencias.Descubre el proyecto y todas las historias.\" \/>\n<meta property=\"og:url\" content=\"https:\/\/neuro-increase.es\/index.php\/2020\/11\/01\/es-parte-del-proyecto-biotech-soy-coordinado-por-la-universidad-de-valladolid-a-traveenes-p\/\" \/>\n<meta property=\"og:site_name\" content=\"INCreAse\" \/>\n<meta property=\"article:publisher\" content=\"https:\/\/www.facebook.com\/Increasetech\" \/>\n<meta property=\"article:published_time\" content=\"2020-11-01T09:20:53+00:00\" \/>\n<meta property=\"article:modified_time\" content=\"2020-11-10T11:30:43+00:00\" \/>\n<meta property=\"og:image\" content=\"https:\/\/neuro-increase.es\/wp-content\/uploads\/2020\/10\/hospital-1.jpg\" \/>\n\t<meta property=\"og:image:width\" content=\"1880\" \/>\n\t<meta property=\"og:image:height\" content=\"1576\" \/>\n\t<meta property=\"og:image:type\" content=\"image\/jpeg\" \/>\n<meta name=\"author\" content=\"WSoGwJSQd7\" \/>\n<meta name=\"twitter:card\" content=\"summary_large_image\" \/>\n<meta name=\"twitter:creator\" content=\"@TechIncrease\" \/>\n<meta name=\"twitter:site\" content=\"@TechIncrease\" \/>\n<meta name=\"twitter:label1\" content=\"Escrito por\" \/>\n\t<meta name=\"twitter:data1\" content=\"WSoGwJSQd7\" \/>\n<script type=\"application\/ld+json\" class=\"yoast-schema-graph\">{\"@context\":\"https:\\\/\\\/schema.org\",\"@graph\":[{\"@type\":\"Article\",\"@id\":\"https:\\\/\\\/neuro-increase.es\\\/index.php\\\/2020\\\/11\\\/01\\\/es-parte-del-proyecto-biotech-soy-coordinado-por-la-universidad-de-valladolid-a-traveenes-p\\\/#article\",\"isPartOf\":{\"@id\":\"https:\\\/\\\/neuro-increase.es\\\/index.php\\\/2020\\\/11\\\/01\\\/es-parte-del-proyecto-biotech-soy-coordinado-por-la-universidad-de-valladolid-a-traveenes-p\\\/\"},\"author\":{\"name\":\"WSoGwJSQd7\",\"@id\":\"https:\\\/\\\/neuro-increase.es\\\/#\\\/schema\\\/person\\\/be4e03dbc5e4ace65ba92f7ff78bbe70\"},\"headline\":\"#T\u00da, TAMBI\u00c9N YO\",\"datePublished\":\"2020-11-01T09:20:53+00:00\",\"dateModified\":\"2020-11-10T11:30:43+00:00\",\"mainEntityOfPage\":{\"@id\":\"https:\\\/\\\/neuro-increase.es\\\/index.php\\\/2020\\\/11\\\/01\\\/es-parte-del-proyecto-biotech-soy-coordinado-por-la-universidad-de-valladolid-a-traveenes-p\\\/\"},\"wordCount\":47,\"commentCount\":0,\"publisher\":{\"@id\":\"https:\\\/\\\/neuro-increase.es\\\/#organization\"},\"image\":{\"@id\":\"https:\\\/\\\/neuro-increase.es\\\/index.php\\\/2020\\\/11\\\/01\\\/es-parte-del-proyecto-biotech-soy-coordinado-por-la-universidad-de-valladolid-a-traveenes-p\\\/#primaryimage\"},\"thumbnailUrl\":\"https:\\\/\\\/neuro-increase.es\\\/wp-content\\\/uploads\\\/2020\\\/10\\\/hospital-1.jpg\",\"articleSection\":[\"News\"],\"inLanguage\":\"es\",\"potentialAction\":[{\"@type\":\"CommentAction\",\"name\":\"Comment\",\"target\":[\"https:\\\/\\\/neuro-increase.es\\\/index.php\\\/2020\\\/11\\\/01\\\/es-parte-del-proyecto-biotech-soy-coordinado-por-la-universidad-de-valladolid-a-traveenes-p\\\/#respond\"]}]},{\"@type\":\"WebPage\",\"@id\":\"https:\\\/\\\/neuro-increase.es\\\/index.php\\\/2020\\\/11\\\/01\\\/es-parte-del-proyecto-biotech-soy-coordinado-por-la-universidad-de-valladolid-a-traveenes-p\\\/\",\"url\":\"https:\\\/\\\/neuro-increase.es\\\/index.php\\\/2020\\\/11\\\/01\\\/es-parte-del-proyecto-biotech-soy-coordinado-por-la-universidad-de-valladolid-a-traveenes-p\\\/\",\"name\":\"#T\u00da, TAMBI\u00c9N YO - INCreAse\",\"isPartOf\":{\"@id\":\"https:\\\/\\\/neuro-increase.es\\\/#website\"},\"primaryImageOfPage\":{\"@id\":\"https:\\\/\\\/neuro-increase.es\\\/index.php\\\/2020\\\/11\\\/01\\\/es-parte-del-proyecto-biotech-soy-coordinado-por-la-universidad-de-valladolid-a-traveenes-p\\\/#primaryimage\"},\"image\":{\"@id\":\"https:\\\/\\\/neuro-increase.es\\\/index.php\\\/2020\\\/11\\\/01\\\/es-parte-del-proyecto-biotech-soy-coordinado-por-la-universidad-de-valladolid-a-traveenes-p\\\/#primaryimage\"},\"thumbnailUrl\":\"https:\\\/\\\/neuro-increase.es\\\/wp-content\\\/uploads\\\/2020\\\/10\\\/hospital-1.jpg\",\"datePublished\":\"2020-11-01T09:20:53+00:00\",\"dateModified\":\"2020-11-10T11:30:43+00:00\",\"description\":\"Es parte del proyecto BioTech SOY+, coordinado por la Universidad de Valladolid. A trav\u00e9s de sus historias aspira a generar autoconsciencia y autoafirmaci\u00f3n en quienes padecen la enfermedad o sus consecuencias.Descubre el proyecto y todas las historias.\",\"breadcrumb\":{\"@id\":\"https:\\\/\\\/neuro-increase.es\\\/index.php\\\/2020\\\/11\\\/01\\\/es-parte-del-proyecto-biotech-soy-coordinado-por-la-universidad-de-valladolid-a-traveenes-p\\\/#breadcrumb\"},\"inLanguage\":\"es\",\"potentialAction\":[{\"@type\":\"ReadAction\",\"target\":[\"https:\\\/\\\/neuro-increase.es\\\/index.php\\\/2020\\\/11\\\/01\\\/es-parte-del-proyecto-biotech-soy-coordinado-por-la-universidad-de-valladolid-a-traveenes-p\\\/\"]}]},{\"@type\":\"ImageObject\",\"inLanguage\":\"es\",\"@id\":\"https:\\\/\\\/neuro-increase.es\\\/index.php\\\/2020\\\/11\\\/01\\\/es-parte-del-proyecto-biotech-soy-coordinado-por-la-universidad-de-valladolid-a-traveenes-p\\\/#primaryimage\",\"url\":\"https:\\\/\\\/neuro-increase.es\\\/wp-content\\\/uploads\\\/2020\\\/10\\\/hospital-1.jpg\",\"contentUrl\":\"https:\\\/\\\/neuro-increase.es\\\/wp-content\\\/uploads\\\/2020\\\/10\\\/hospital-1.jpg\",\"width\":1880,\"height\":1576},{\"@type\":\"BreadcrumbList\",\"@id\":\"https:\\\/\\\/neuro-increase.es\\\/index.php\\\/2020\\\/11\\\/01\\\/es-parte-del-proyecto-biotech-soy-coordinado-por-la-universidad-de-valladolid-a-traveenes-p\\\/#breadcrumb\",\"itemListElement\":[{\"@type\":\"ListItem\",\"position\":1,\"name\":\"Portada\",\"item\":\"https:\\\/\\\/neuro-increase.es\\\/\"},{\"@type\":\"ListItem\",\"position\":2,\"name\":\"#T\u00da, TAMBI\u00c9N YO\"}]},{\"@type\":\"WebSite\",\"@id\":\"https:\\\/\\\/neuro-increase.es\\\/#website\",\"url\":\"https:\\\/\\\/neuro-increase.es\\\/\",\"name\":\"INCreAse\",\"description\":\"Grupo de Investigaci\u00f3n de Neurociencias Aplicadas de Valladolid\",\"publisher\":{\"@id\":\"https:\\\/\\\/neuro-increase.es\\\/#organization\"},\"potentialAction\":[{\"@type\":\"SearchAction\",\"target\":{\"@type\":\"EntryPoint\",\"urlTemplate\":\"https:\\\/\\\/neuro-increase.es\\\/?s={search_term_string}\"},\"query-input\":{\"@type\":\"PropertyValueSpecification\",\"valueRequired\":true,\"valueName\":\"search_term_string\"}}],\"inLanguage\":\"es\"},{\"@type\":\"Organization\",\"@id\":\"https:\\\/\\\/neuro-increase.es\\\/#organization\",\"name\":\"INCreAse tech\",\"url\":\"https:\\\/\\\/neuro-increase.es\\\/\",\"logo\":{\"@type\":\"ImageObject\",\"inLanguage\":\"es\",\"@id\":\"https:\\\/\\\/neuro-increase.es\\\/#\\\/schema\\\/logo\\\/image\\\/\",\"url\":\"https:\\\/\\\/neuro-increase.es\\\/wp-content\\\/uploads\\\/2020\\\/11\\\/logo-Increase-tech-all-02.png\",\"contentUrl\":\"https:\\\/\\\/neuro-increase.es\\\/wp-content\\\/uploads\\\/2020\\\/11\\\/logo-Increase-tech-all-02.png\",\"width\":2401,\"height\":885,\"caption\":\"INCreAse tech\"},\"image\":{\"@id\":\"https:\\\/\\\/neuro-increase.es\\\/#\\\/schema\\\/logo\\\/image\\\/\"},\"sameAs\":[\"https:\\\/\\\/www.facebook.com\\\/Increasetech\",\"https:\\\/\\\/x.com\\\/TechIncrease\"]},{\"@type\":\"Person\",\"@id\":\"https:\\\/\\\/neuro-increase.es\\\/#\\\/schema\\\/person\\\/be4e03dbc5e4ace65ba92f7ff78bbe70\",\"name\":\"WSoGwJSQd7\",\"image\":{\"@type\":\"ImageObject\",\"inLanguage\":\"es\",\"@id\":\"https:\\\/\\\/secure.gravatar.com\\\/avatar\\\/c10d90eebb5f50c7f56c501e188528aa56b2b6c734816432bab30a705b8fbde5?s=96&d=mm&r=g\",\"url\":\"https:\\\/\\\/secure.gravatar.com\\\/avatar\\\/c10d90eebb5f50c7f56c501e188528aa56b2b6c734816432bab30a705b8fbde5?s=96&d=mm&r=g\",\"contentUrl\":\"https:\\\/\\\/secure.gravatar.com\\\/avatar\\\/c10d90eebb5f50c7f56c501e188528aa56b2b6c734816432bab30a705b8fbde5?s=96&d=mm&r=g\",\"caption\":\"WSoGwJSQd7\"},\"url\":\"https:\\\/\\\/neuro-increase.es\\\/index.php\\\/author\\\/wsogwjsqd7\\\/\"}]}<\/script>\n<!-- \/ Yoast SEO plugin. -->","yoast_head_json":{"title":"#T\u00da, TAMBI\u00c9N YO - INCreAse","description":"Es parte del proyecto BioTech SOY+, coordinado por la Universidad de Valladolid. A trav\u00e9s de sus historias aspira a generar autoconsciencia y autoafirmaci\u00f3n en quienes padecen la enfermedad o sus consecuencias.Descubre el proyecto y todas las historias.","robots":{"index":"index","follow":"follow","max-snippet":"max-snippet:-1","max-image-preview":"max-image-preview:large","max-video-preview":"max-video-preview:-1"},"canonical":"https:\/\/neuro-increase.es\/index.php\/2020\/11\/01\/es-parte-del-proyecto-biotech-soy-coordinado-por-la-universidad-de-valladolid-a-traveenes-p\/","og_locale":"es_ES","og_type":"article","og_title":"#T\u00da, TAMBI\u00c9N YO - INCreAse","og_description":"Es parte del proyecto BioTech SOY+, coordinado por la Universidad de Valladolid. A trav\u00e9s de sus historias aspira a generar autoconsciencia y autoafirmaci\u00f3n en quienes padecen la enfermedad o sus consecuencias.Descubre el proyecto y todas las historias.","og_url":"https:\/\/neuro-increase.es\/index.php\/2020\/11\/01\/es-parte-del-proyecto-biotech-soy-coordinado-por-la-universidad-de-valladolid-a-traveenes-p\/","og_site_name":"INCreAse","article_publisher":"https:\/\/www.facebook.com\/Increasetech","article_published_time":"2020-11-01T09:20:53+00:00","article_modified_time":"2020-11-10T11:30:43+00:00","og_image":[{"width":1880,"height":1576,"url":"https:\/\/neuro-increase.es\/wp-content\/uploads\/2020\/10\/hospital-1.jpg","type":"image\/jpeg"}],"author":"WSoGwJSQd7","twitter_card":"summary_large_image","twitter_creator":"@TechIncrease","twitter_site":"@TechIncrease","twitter_misc":{"Escrito por":"WSoGwJSQd7"},"schema":{"@context":"https:\/\/schema.org","@graph":[{"@type":"Article","@id":"https:\/\/neuro-increase.es\/index.php\/2020\/11\/01\/es-parte-del-proyecto-biotech-soy-coordinado-por-la-universidad-de-valladolid-a-traveenes-p\/#article","isPartOf":{"@id":"https:\/\/neuro-increase.es\/index.php\/2020\/11\/01\/es-parte-del-proyecto-biotech-soy-coordinado-por-la-universidad-de-valladolid-a-traveenes-p\/"},"author":{"name":"WSoGwJSQd7","@id":"https:\/\/neuro-increase.es\/#\/schema\/person\/be4e03dbc5e4ace65ba92f7ff78bbe70"},"headline":"#T\u00da, TAMBI\u00c9N YO","datePublished":"2020-11-01T09:20:53+00:00","dateModified":"2020-11-10T11:30:43+00:00","mainEntityOfPage":{"@id":"https:\/\/neuro-increase.es\/index.php\/2020\/11\/01\/es-parte-del-proyecto-biotech-soy-coordinado-por-la-universidad-de-valladolid-a-traveenes-p\/"},"wordCount":47,"commentCount":0,"publisher":{"@id":"https:\/\/neuro-increase.es\/#organization"},"image":{"@id":"https:\/\/neuro-increase.es\/index.php\/2020\/11\/01\/es-parte-del-proyecto-biotech-soy-coordinado-por-la-universidad-de-valladolid-a-traveenes-p\/#primaryimage"},"thumbnailUrl":"https:\/\/neuro-increase.es\/wp-content\/uploads\/2020\/10\/hospital-1.jpg","articleSection":["News"],"inLanguage":"es","potentialAction":[{"@type":"CommentAction","name":"Comment","target":["https:\/\/neuro-increase.es\/index.php\/2020\/11\/01\/es-parte-del-proyecto-biotech-soy-coordinado-por-la-universidad-de-valladolid-a-traveenes-p\/#respond"]}]},{"@type":"WebPage","@id":"https:\/\/neuro-increase.es\/index.php\/2020\/11\/01\/es-parte-del-proyecto-biotech-soy-coordinado-por-la-universidad-de-valladolid-a-traveenes-p\/","url":"https:\/\/neuro-increase.es\/index.php\/2020\/11\/01\/es-parte-del-proyecto-biotech-soy-coordinado-por-la-universidad-de-valladolid-a-traveenes-p\/","name":"#T\u00da, TAMBI\u00c9N YO - INCreAse","isPartOf":{"@id":"https:\/\/neuro-increase.es\/#website"},"primaryImageOfPage":{"@id":"https:\/\/neuro-increase.es\/index.php\/2020\/11\/01\/es-parte-del-proyecto-biotech-soy-coordinado-por-la-universidad-de-valladolid-a-traveenes-p\/#primaryimage"},"image":{"@id":"https:\/\/neuro-increase.es\/index.php\/2020\/11\/01\/es-parte-del-proyecto-biotech-soy-coordinado-por-la-universidad-de-valladolid-a-traveenes-p\/#primaryimage"},"thumbnailUrl":"https:\/\/neuro-increase.es\/wp-content\/uploads\/2020\/10\/hospital-1.jpg","datePublished":"2020-11-01T09:20:53+00:00","dateModified":"2020-11-10T11:30:43+00:00","description":"Es parte del proyecto BioTech SOY+, coordinado por la Universidad de Valladolid. A trav\u00e9s de sus historias aspira a generar autoconsciencia y autoafirmaci\u00f3n en quienes padecen la enfermedad o sus consecuencias.Descubre el proyecto y todas las historias.","breadcrumb":{"@id":"https:\/\/neuro-increase.es\/index.php\/2020\/11\/01\/es-parte-del-proyecto-biotech-soy-coordinado-por-la-universidad-de-valladolid-a-traveenes-p\/#breadcrumb"},"inLanguage":"es","potentialAction":[{"@type":"ReadAction","target":["https:\/\/neuro-increase.es\/index.php\/2020\/11\/01\/es-parte-del-proyecto-biotech-soy-coordinado-por-la-universidad-de-valladolid-a-traveenes-p\/"]}]},{"@type":"ImageObject","inLanguage":"es","@id":"https:\/\/neuro-increase.es\/index.php\/2020\/11\/01\/es-parte-del-proyecto-biotech-soy-coordinado-por-la-universidad-de-valladolid-a-traveenes-p\/#primaryimage","url":"https:\/\/neuro-increase.es\/wp-content\/uploads\/2020\/10\/hospital-1.jpg","contentUrl":"https:\/\/neuro-increase.es\/wp-content\/uploads\/2020\/10\/hospital-1.jpg","width":1880,"height":1576},{"@type":"BreadcrumbList","@id":"https:\/\/neuro-increase.es\/index.php\/2020\/11\/01\/es-parte-del-proyecto-biotech-soy-coordinado-por-la-universidad-de-valladolid-a-traveenes-p\/#breadcrumb","itemListElement":[{"@type":"ListItem","position":1,"name":"Portada","item":"https:\/\/neuro-increase.es\/"},{"@type":"ListItem","position":2,"name":"#T\u00da, TAMBI\u00c9N YO"}]},{"@type":"WebSite","@id":"https:\/\/neuro-increase.es\/#website","url":"https:\/\/neuro-increase.es\/","name":"INCreAse","description":"Grupo de Investigaci\u00f3n de Neurociencias Aplicadas de Valladolid","publisher":{"@id":"https:\/\/neuro-increase.es\/#organization"},"potentialAction":[{"@type":"SearchAction","target":{"@type":"EntryPoint","urlTemplate":"https:\/\/neuro-increase.es\/?s={search_term_string}"},"query-input":{"@type":"PropertyValueSpecification","valueRequired":true,"valueName":"search_term_string"}}],"inLanguage":"es"},{"@type":"Organization","@id":"https:\/\/neuro-increase.es\/#organization","name":"INCreAse tech","url":"https:\/\/neuro-increase.es\/","logo":{"@type":"ImageObject","inLanguage":"es","@id":"https:\/\/neuro-increase.es\/#\/schema\/logo\/image\/","url":"https:\/\/neuro-increase.es\/wp-content\/uploads\/2020\/11\/logo-Increase-tech-all-02.png","contentUrl":"https:\/\/neuro-increase.es\/wp-content\/uploads\/2020\/11\/logo-Increase-tech-all-02.png","width":2401,"height":885,"caption":"INCreAse tech"},"image":{"@id":"https:\/\/neuro-increase.es\/#\/schema\/logo\/image\/"},"sameAs":["https:\/\/www.facebook.com\/Increasetech","https:\/\/x.com\/TechIncrease"]},{"@type":"Person","@id":"https:\/\/neuro-increase.es\/#\/schema\/person\/be4e03dbc5e4ace65ba92f7ff78bbe70","name":"WSoGwJSQd7","image":{"@type":"ImageObject","inLanguage":"es","@id":"https:\/\/secure.gravatar.com\/avatar\/c10d90eebb5f50c7f56c501e188528aa56b2b6c734816432bab30a705b8fbde5?s=96&d=mm&r=g","url":"https:\/\/secure.gravatar.com\/avatar\/c10d90eebb5f50c7f56c501e188528aa56b2b6c734816432bab30a705b8fbde5?s=96&d=mm&r=g","contentUrl":"https:\/\/secure.gravatar.com\/avatar\/c10d90eebb5f50c7f56c501e188528aa56b2b6c734816432bab30a705b8fbde5?s=96&d=mm&r=g","caption":"WSoGwJSQd7"},"url":"https:\/\/neuro-increase.es\/index.php\/author\/wsogwjsqd7\/"}]}},"_links":{"self":[{"href":"https:\/\/neuro-increase.es\/index.php\/wp-json\/wp\/v2\/posts\/28675","targetHints":{"allow":["GET"]}}],"collection":[{"href":"https:\/\/neuro-increase.es\/index.php\/wp-json\/wp\/v2\/posts"}],"about":[{"href":"https:\/\/neuro-increase.es\/index.php\/wp-json\/wp\/v2\/types\/post"}],"author":[{"embeddable":true,"href":"https:\/\/neuro-increase.es\/index.php\/wp-json\/wp\/v2\/users\/1"}],"replies":[{"embeddable":true,"href":"https:\/\/neuro-increase.es\/index.php\/wp-json\/wp\/v2\/comments?post=28675"}],"version-history":[{"count":5,"href":"https:\/\/neuro-increase.es\/index.php\/wp-json\/wp\/v2\/posts\/28675\/revisions"}],"predecessor-version":[{"id":28714,"href":"https:\/\/neuro-increase.es\/index.php\/wp-json\/wp\/v2\/posts\/28675\/revisions\/28714"}],"wp:featuredmedia":[{"embeddable":true,"href":"https:\/\/neuro-increase.es\/index.php\/wp-json\/wp\/v2\/media\/28435"}],"wp:attachment":[{"href":"https:\/\/neuro-increase.es\/index.php\/wp-json\/wp\/v2\/media?parent=28675"}],"wp:term":[{"taxonomy":"category","embeddable":true,"href":"https:\/\/neuro-increase.es\/index.php\/wp-json\/wp\/v2\/categories?post=28675"},{"taxonomy":"post_tag","embeddable":true,"href":"https:\/\/neuro-increase.es\/index.php\/wp-json\/wp\/v2\/tags?post=28675"}],"curies":[{"name":"wp","href":"https:\/\/api.w.org\/{rel}","templated":true}]}}